{"id":2788,"date":"2023-02-15T09:30:23","date_gmt":"2023-02-15T09:30:23","guid":{"rendered":"https:\/\/bp-soroca.md\/?p=2788"},"modified":"2026-03-03T08:41:19","modified_gmt":"2026-03-03T08:41:19","slug":"2023","status":"publish","type":"post","link":"https:\/\/bp-soroca.md\/index.php\/2023\/02\/15\/2023\/","title":{"rendered":"2023"},"content":{"rendered":"<p>Views: 427<\/p>\n<p class=\"has-text-align-center\"><strong>Biblioteca \u201eBasarabia\u201d &#8211; 30 ani<\/strong><\/p>\n\n\n\n<figure class=\"wp-block-embed is-type-video is-provider-youtube wp-block-embed-youtube wp-embed-aspect-16-9 wp-has-aspect-ratio\"><div class=\"wp-block-embed__wrapper\">\n<iframe loading=\"lazy\" title=\"Lans\u0103ri \u015fi dona\u0163ii de carte au avut loc la Soroca cu prilejul anivers\u0103rii Bibliotecii \u201eBasarabia\u201d\" width=\"840\" height=\"473\" src=\"https:\/\/www.youtube.com\/embed\/t7Bj_UnKqs4?feature=oembed\" frameborder=\"0\" allow=\"accelerometer; autoplay; clipboard-write; encrypted-media; gyroscope; picture-in-picture; web-share\" referrerpolicy=\"strict-origin-when-cross-origin\" allowfullscreen><\/iframe>\n<\/div><\/figure>\n\n\n\n<figure class=\"wp-block-embed is-type-video is-provider-youtube wp-block-embed-youtube wp-embed-aspect-16-9 wp-has-aspect-ratio\"><div class=\"wp-block-embed__wrapper\">\n<iframe loading=\"lazy\" title=\"Biblioteca \u201eBasarabia\u201d din Soroca\" width=\"840\" height=\"473\" src=\"https:\/\/www.youtube.com\/embed\/0_QMVmDVE_w?feature=oembed\" frameborder=\"0\" allow=\"accelerometer; autoplay; clipboard-write; encrypted-media; gyroscope; picture-in-picture; web-share\" referrerpolicy=\"strict-origin-when-cross-origin\" allowfullscreen><\/iframe>\n<\/div><\/figure>\n\n\n\n<figure class=\"wp-block-embed is-type-video is-provider-youtube wp-block-embed-youtube wp-embed-aspect-16-9 wp-has-aspect-ratio\"><div class=\"wp-block-embed__wrapper\">\n<iframe loading=\"lazy\" title=\"Biblioteca \u201eBasarabia\u201d Soroca - 30 ani\" width=\"840\" height=\"473\" src=\"https:\/\/www.youtube.com\/embed\/5S0C_LbdtKA?feature=oembed\" frameborder=\"0\" allow=\"accelerometer; autoplay; clipboard-write; encrypted-media; gyroscope; picture-in-picture; web-share\" referrerpolicy=\"strict-origin-when-cross-origin\" allowfullscreen><\/iframe>\n<\/div><\/figure>\n\n\n\n<figure class=\"wp-block-embed is-type-video is-provider-youtube wp-block-embed-youtube wp-embed-aspect-16-9 wp-has-aspect-ratio\"><div class=\"wp-block-embed__wrapper\">\n<iframe loading=\"lazy\" title=\"Biblioteca \u201eBasarabia\u201d din municipiul Soroca a \u00eemplinit 30 de ani de activitate\" width=\"840\" height=\"473\" src=\"https:\/\/www.youtube.com\/embed\/uXrh13SzCmo?feature=oembed\" frameborder=\"0\" allow=\"accelerometer; autoplay; clipboard-write; encrypted-media; gyroscope; picture-in-picture; web-share\" referrerpolicy=\"strict-origin-when-cross-origin\" allowfullscreen><\/iframe>\n<\/div><\/figure>\n\n\n\n<p class=\"has-text-align-center\">Ajutor la contor 2023<\/p>\n\n\n\n<figure class=\"wp-block-embed is-type-video is-provider-youtube wp-block-embed-youtube wp-embed-aspect-16-9 wp-has-aspect-ratio\"><div class=\"wp-block-embed__wrapper\">\n<iframe loading=\"lazy\" title=\"\u00cenregistr\u0103ri la Programul \u201eAjutor la Contor\u201d Soroca\" width=\"840\" height=\"473\" src=\"https:\/\/www.youtube.com\/embed\/8-Q4FjwDmS8?start=17&#038;feature=oembed\" frameborder=\"0\" allow=\"accelerometer; autoplay; clipboard-write; encrypted-media; gyroscope; picture-in-picture; web-share\" referrerpolicy=\"strict-origin-when-cross-origin\" allowfullscreen><\/iframe>\n<\/div><\/figure>\n\n\n\n<p class=\"has-text-align-center\">Nocturna bibliotecilor municipale \u201eM. Sadoveanu\u201d &amp; \u201eBasarabia\u201d<\/p>\n\n\n\n<figure class=\"wp-block-embed is-type-video is-provider-youtube wp-block-embed-youtube wp-embed-aspect-16-9 wp-has-aspect-ratio\"><div class=\"wp-block-embed__wrapper\">\n<iframe loading=\"lazy\" title=\"Nocturna bibliotecilor municipale \u201eM. Sadoveanu\u201d &amp; \u201eBasarabia\u201d, Soroca 2023\" width=\"840\" height=\"473\" src=\"https:\/\/www.youtube.com\/embed\/0INvvGdjsuA?feature=oembed\" frameborder=\"0\" allow=\"accelerometer; autoplay; clipboard-write; encrypted-media; gyroscope; picture-in-picture; web-share\" referrerpolicy=\"strict-origin-when-cross-origin\" allowfullscreen><\/iframe>\n<\/div><\/figure>\n\n\n\n<p class=\"has-text-align-center\">\u0218edin\u021ba clubului \u201eV\u00e2rsta de aur\u201d din 28 septembrie 2023 dedicat\u0103 Zilei persoanelor \u00een etate<\/p>\n\n\n\n<figure class=\"wp-block-embed is-type-video is-provider-youtube wp-block-embed-youtube wp-embed-aspect-16-9 wp-has-aspect-ratio\"><div class=\"wp-block-embed__wrapper\">\n<iframe loading=\"lazy\" title=\"Ziua oamenilor \u00een etate la biblioteca Basarabia\" width=\"840\" height=\"473\" src=\"https:\/\/www.youtube.com\/embed\/oWy10HCZxK0?feature=oembed\" frameborder=\"0\" allow=\"accelerometer; autoplay; clipboard-write; encrypted-media; gyroscope; picture-in-picture; web-share\" referrerpolicy=\"strict-origin-when-cross-origin\" allowfullscreen><\/iframe>\n<\/div><\/figure>\n\n\n\n<p class=\"has-text-align-center\">\u0218edin\u021ba clubului \u201eV\u00e2rsta de aur\u201d din 28 iulie 2023 dedicat\u0103 \u0219ez\u0103torii<\/p>\n\n\n\n<figure class=\"wp-block-embed is-type-video is-provider-youtube wp-block-embed-youtube wp-embed-aspect-16-9 wp-has-aspect-ratio\"><div class=\"wp-block-embed__wrapper\">\n<iframe loading=\"lazy\" title=\"\u0218ez\u0103toare la Biblioteca Municipal\u0103 &quot;M. Sadoveanu&quot;\" width=\"840\" height=\"473\" src=\"https:\/\/www.youtube.com\/embed\/S0jMbjMqgMA?feature=oembed\" frameborder=\"0\" allow=\"accelerometer; autoplay; clipboard-write; encrypted-media; gyroscope; picture-in-picture; web-share\" referrerpolicy=\"strict-origin-when-cross-origin\" allowfullscreen><\/iframe>\n<\/div><\/figure>\n\n\n\n<p class=\"has-text-align-center\"><strong>R\u0103spunsul de Urgen\u021b\u0103 la Criza din Ucraina<\/strong> <\/p>\n\n\n\n<p class=\"has-text-align-center\"><strong>la Filiala pentru copii \u201eSteliana Grama\u201d<\/strong><\/p>\n\n\n\n<p class=\"has-text-align-center\">iunie 2023<\/p>\n\n\n\n<figure class=\"wp-block-embed is-type-video is-provider-youtube wp-block-embed-youtube wp-embed-aspect-16-9 wp-has-aspect-ratio\"><div class=\"wp-block-embed__wrapper\">\n<iframe loading=\"lazy\" title=\"Proiectul \u201cR\u0103spunsul de Urgen\u021b\u0103 la Criza din Ucraina\u201d a adus z\u00e2mbete \u0219i magie copiilor din Soroca\" width=\"840\" height=\"473\" src=\"https:\/\/www.youtube.com\/embed\/voNSoJdVPlU?feature=oembed\" frameborder=\"0\" allow=\"accelerometer; autoplay; clipboard-write; encrypted-media; gyroscope; picture-in-picture; web-share\" referrerpolicy=\"strict-origin-when-cross-origin\" allowfullscreen><\/iframe>\n<\/div><\/figure>\n\n\n\n<p class=\"has-text-align-center\"><strong>\u0218ez\u0103toare la Filiala de carte rom\u00e2neasc\u0103 \u201eBasarabia\u201d, Soroca a Bibliotecii Municipale \u201eM. Sadoveanu\u201d<\/strong><\/p>\n\n\n\n<figure class=\"wp-block-embed is-type-video is-provider-youtube wp-block-embed-youtube wp-embed-aspect-16-9 wp-has-aspect-ratio\"><div class=\"wp-block-embed__wrapper\">\n<iframe loading=\"lazy\" title=\"\u0218ez\u0103toare la biblioteca \u201dBasarabia\u201d din ora\u0219ul Soroca\" width=\"840\" height=\"473\" src=\"https:\/\/www.youtube.com\/embed\/Gha2kOR1xdo?feature=oembed\" frameborder=\"0\" allow=\"accelerometer; autoplay; clipboard-write; encrypted-media; gyroscope; picture-in-picture; web-share\" referrerpolicy=\"strict-origin-when-cross-origin\" allowfullscreen><\/iframe>\n<\/div><\/figure>\n\n\n\n<p class=\"has-text-align-center\"><strong>Participantele atelierului \u201e\u0218ez\u0103toare la \u201eBasarabia\u201d \u0219i-au demonstrat rodul muncii<\/strong>, 31 mai 2023<\/p>\n\n\n\n<figure class=\"wp-block-embed is-type-video is-provider-youtube wp-block-embed-youtube wp-embed-aspect-16-9 wp-has-aspect-ratio\"><div class=\"wp-block-embed__wrapper\">\n<iframe loading=\"lazy\" title=\"PARTICIPANTELE ATELIERULUI \u201e\u0218EZ\u0102TOARE LA \u201eBASARABIA\u201d \u0218I AU DEMONSTRAT RODUL MUNCII\" width=\"840\" height=\"473\" src=\"https:\/\/www.youtube.com\/embed\/FM40vtMOyW8?feature=oembed\" frameborder=\"0\" allow=\"accelerometer; autoplay; clipboard-write; encrypted-media; gyroscope; picture-in-picture; web-share\" referrerpolicy=\"strict-origin-when-cross-origin\" allowfullscreen><\/iframe>\n<\/div><\/figure>\n\n\n\n<p class=\"has-text-align-center\"><strong>S\u0103pt\u0103m\u00e2na Scrisului \u0219i Culturii Slave, 25 mai 2023 <\/strong><\/p>\n\n\n\n<figure class=\"wp-block-embed is-type-video is-provider-youtube wp-block-embed-youtube wp-embed-aspect-16-9 wp-has-aspect-ratio\"><div class=\"wp-block-embed__wrapper\">\n<iframe loading=\"lazy\" title=\"S\u0102P\u0102M\u00c2NA SCRISULUI \u0218I CULTURII SLAVE\" width=\"840\" height=\"473\" src=\"https:\/\/www.youtube.com\/embed\/D2Evy4_e3Ww?feature=oembed\" frameborder=\"0\" allow=\"accelerometer; autoplay; clipboard-write; encrypted-media; gyroscope; picture-in-picture; web-share\" referrerpolicy=\"strict-origin-when-cross-origin\" allowfullscreen><\/iframe>\n<\/div><\/figure>\n\n\n\n<p class=\"has-text-align-center\"><strong>\u00cent\u00e2lnire emo\u021bionant\u0103 \u00een amintirea scriitorului Ioan M\u00e2n\u0103scurt\u0103 la Biblioteca Basarabia<\/strong>, 16 mai 2023<\/p>\n\n\n\n<figure class=\"wp-block-embed is-type-video is-provider-youtube wp-block-embed-youtube wp-embed-aspect-16-9 wp-has-aspect-ratio\"><div class=\"wp-block-embed__wrapper\">\n<iframe loading=\"lazy\" title=\"\u00cent\u00e2lnire emo\u021bionant\u0103 \u00een amintirea scriitorului Ioan M\u00e2n\u0103scurt\u0103 la Biblioteca Basarabia\" width=\"840\" height=\"473\" src=\"https:\/\/www.youtube.com\/embed\/NDYiyGCV8NY?feature=oembed\" frameborder=\"0\" allow=\"accelerometer; autoplay; clipboard-write; encrypted-media; gyroscope; picture-in-picture; web-share\" referrerpolicy=\"strict-origin-when-cross-origin\" allowfullscreen><\/iframe>\n<\/div><\/figure>\n\n\n\n<p class=\"has-text-align-center\"><strong>\u00cent\u00e2lnire cu scriitoarea Veronica P\u00eerlea-Conovali la Biblioteca Municipal\u0103 \u201eM. Sadoveanu\u201d, Soroca<\/strong> din 13 mai 2023. Partea I-a<\/p>\n\n\n\n<figure class=\"wp-block-embed is-type-video is-provider-youtube wp-block-embed-youtube wp-embed-aspect-16-9 wp-has-aspect-ratio\"><div class=\"wp-block-embed__wrapper\">\n<iframe loading=\"lazy\" title=\"\u00cent\u00e2lnire cu Veronica P\u00eerlea-Conovali la Biblioteca Municipal\u0103 \u201eM. Sadoveanu\u201d, Soroca. Partea I-a\" width=\"840\" height=\"473\" src=\"https:\/\/www.youtube.com\/embed\/zbB5bu7i8Tg?feature=oembed\" frameborder=\"0\" allow=\"accelerometer; autoplay; clipboard-write; encrypted-media; gyroscope; picture-in-picture; web-share\" referrerpolicy=\"strict-origin-when-cross-origin\" allowfullscreen><\/iframe>\n<\/div><\/figure>\n\n\n\n<p class=\"has-text-align-center\"><strong>\u00cent\u00e2lnire cu scriitoarea Veronica P\u00eerlea-Conovali la Biblioteca Municipal\u0103 \u201eM. Sadoveanu\u201d, Soroca<\/strong> din 13 mai 2023. Partea II-a<\/p>\n\n\n\n<figure class=\"wp-block-embed is-type-video is-provider-youtube wp-block-embed-youtube wp-embed-aspect-16-9 wp-has-aspect-ratio\"><div class=\"wp-block-embed__wrapper\">\n<iframe loading=\"lazy\" title=\"\u00cent\u00e2lnire cu Veronica P\u00eerlea-Conovali la Biblioteca Municipal\u0103 \u201eM. Sadoveanu\u201d Soroca. Partea a II-a\" width=\"840\" height=\"473\" src=\"https:\/\/www.youtube.com\/embed\/_8W1ilfRyYY?feature=oembed\" frameborder=\"0\" allow=\"accelerometer; autoplay; clipboard-write; encrypted-media; gyroscope; picture-in-picture; web-share\" referrerpolicy=\"strict-origin-when-cross-origin\" allowfullscreen><\/iframe>\n<\/div><\/figure>\n\n\n\n<p class=\"has-text-align-center\"><strong>Confec\u021bionarea c\u0103m\u0103\u0219ii cu alti\u021b\u0103 la Biblioteca \u201eBasarabia\u201d<\/strong><\/p>\n\n\n\n<figure class=\"wp-block-embed is-type-video is-provider-youtube wp-block-embed-youtube wp-embed-aspect-16-9 wp-has-aspect-ratio\"><div class=\"wp-block-embed__wrapper\">\n<iframe loading=\"lazy\" title=\"Clubul amatorilor c\u0103m\u0103\u0219ilor cu alti\u021b\u0103 la biblioteca \u201eBasarabia\u201d, Soroca\" width=\"840\" height=\"473\" src=\"https:\/\/www.youtube.com\/embed\/3gYqvn5j8KI?feature=oembed\" frameborder=\"0\" allow=\"accelerometer; autoplay; clipboard-write; encrypted-media; gyroscope; picture-in-picture; web-share\" referrerpolicy=\"strict-origin-when-cross-origin\" allowfullscreen><\/iframe>\n<\/div><\/figure>\n\n\n\n<p class=\"has-text-align-center\"><strong>Ronni Traumer: \u201eEste important s\u0103 te \u00eentorci pe drumul t\u0103u drept\u201d<\/strong><\/p>\n\n\n\n<p class=\"has-text-align-center\">22 martie 2023<\/p>\n\n\n\n<figure class=\"wp-block-embed is-type-video is-provider-youtube wp-block-embed-youtube wp-embed-aspect-16-9 wp-has-aspect-ratio\"><div class=\"wp-block-embed__wrapper\">\n<iframe loading=\"lazy\" title=\"Este important s\u0103 te \u00eentorci pe drumul t\u0103u drept\" width=\"840\" height=\"473\" src=\"https:\/\/www.youtube.com\/embed\/NT8DhvLk-zs?feature=oembed\" frameborder=\"0\" allow=\"accelerometer; autoplay; clipboard-write; encrypted-media; gyroscope; picture-in-picture; web-share\" referrerpolicy=\"strict-origin-when-cross-origin\" allowfullscreen><\/iframe>\n<\/div><\/figure>\n\n\n\n<p class=\"has-text-align-center\"><strong>Ziua Interna\u021bional\u0103 a Poeziei<\/strong><\/p>\n\n\n\n<p class=\"has-text-align-center\">21 martie 2023<\/p>\n\n\n\n<figure class=\"wp-block-embed is-type-video is-provider-youtube wp-block-embed-youtube wp-embed-aspect-16-9 wp-has-aspect-ratio\"><div class=\"wp-block-embed__wrapper\">\n<iframe loading=\"lazy\" title=\"ziua poeziei\" width=\"840\" height=\"473\" src=\"https:\/\/www.youtube.com\/embed\/cBsaVPsJfw8?feature=oembed\" frameborder=\"0\" allow=\"accelerometer; autoplay; clipboard-write; encrypted-media; gyroscope; picture-in-picture; web-share\" referrerpolicy=\"strict-origin-when-cross-origin\" allowfullscreen><\/iframe>\n<\/div><\/figure>\n\n\n\n<p class=\"has-text-align-center\"><strong>Mamele \u2013 au fost s\u0103rb\u0103torite la biblioteca pentru copii \u201eSteliana Grama\u201d<\/strong><\/p>\n\n\n\n<p class=\"has-text-align-center\">10 martie 2023<\/p>\n\n\n\n<figure class=\"wp-block-embed is-type-video is-provider-youtube wp-block-embed-youtube wp-embed-aspect-16-9 wp-has-aspect-ratio\"><div class=\"wp-block-embed__wrapper\">\n<iframe loading=\"lazy\" title=\",,O mam\u0103, dulce mam\u0103&quot; - activitate de suflet la biblioteca ,,Steliana Grama&quot;\" width=\"840\" height=\"473\" src=\"https:\/\/www.youtube.com\/embed\/1l_T_mVSGqo?feature=oembed\" frameborder=\"0\" allow=\"accelerometer; autoplay; clipboard-write; encrypted-media; gyroscope; picture-in-picture; web-share\" referrerpolicy=\"strict-origin-when-cross-origin\" allowfullscreen><\/iframe>\n<\/div><\/figure>\n\n\n\n<p class=\"has-text-align-center\"><strong>Membrii clubului \u201eV\u00e2rsta de aur\u201d au s\u0103rb\u0103torit 8 Martie la Biblioteca Municipal\u0103 \u201eM Sadoveanu\u201d<\/strong><\/p>\n\n\n\n<p class=\"has-text-align-center\"> 8 martie 2023<\/p>\n\n\n\n<figure class=\"wp-block-embed is-type-video is-provider-youtube wp-block-embed-youtube wp-embed-aspect-16-9 wp-has-aspect-ratio\"><div class=\"wp-block-embed__wrapper\">\n<iframe loading=\"lazy\" title=\"Membrii clubului ,,V\u00e2rsta de aur&quot; au s\u0103rb\u0103torit 8 Martie la Biblioteca Municipal\u0103 ,,M. Sadoveanu&quot;\" width=\"840\" height=\"473\" src=\"https:\/\/www.youtube.com\/embed\/IzMcfYGgoSE?feature=oembed\" frameborder=\"0\" allow=\"accelerometer; autoplay; clipboard-write; encrypted-media; gyroscope; picture-in-picture; web-share\" referrerpolicy=\"strict-origin-when-cross-origin\" allowfullscreen><\/iframe>\n<\/div><\/figure>\n\n\n\n<p class=\"has-text-align-center\"><strong>Doamna care a reu\u0219it s\u0103-i adune gr\u0103m\u0103joar\u0103 pe to\u021bi sorocenii de dincolo de Soroca<\/strong><\/p>\n\n\n\n<figure class=\"wp-block-embed is-type-video is-provider-youtube wp-block-embed-youtube wp-embed-aspect-16-9 wp-has-aspect-ratio\"><div class=\"wp-block-embed__wrapper\">\n<iframe loading=\"lazy\" title=\"Viorica Gaja - doamna care a reu\u0219it s\u0103-i adune gr\u0103m\u0103joar\u0103 pe to\u021bi sorocenii de dincolo de Soroca\" width=\"840\" height=\"473\" src=\"https:\/\/www.youtube.com\/embed\/awMqnffEAI8?start=29&#038;feature=oembed\" frameborder=\"0\" allow=\"accelerometer; autoplay; clipboard-write; encrypted-media; gyroscope; picture-in-picture; web-share\" referrerpolicy=\"strict-origin-when-cross-origin\" allowfullscreen><\/iframe>\n<\/div><\/figure>\n\n\n\n<p class=\"has-text-align-center\"><strong>Lansare de carte \u201ePrescura\u201d de Sava Bogasiu, la biblioteca \u201eBasarabia\u201d<\/strong><\/p>\n\n\n\n<p class=\"has-text-align-center\">21 februarie 2023<\/p>\n\n\n\n<figure class=\"wp-block-embed is-type-video is-provider-youtube wp-block-embed-youtube wp-embed-aspect-16-9 wp-has-aspect-ratio\"><div class=\"wp-block-embed__wrapper\">\n<iframe loading=\"lazy\" title=\"Lansarea c\u0103r\u021bii \u201ePrescura\u201d de Sava Bogasiu\" width=\"840\" height=\"473\" src=\"https:\/\/www.youtube.com\/embed\/ob4MNelwPec?feature=oembed\" frameborder=\"0\" allow=\"accelerometer; autoplay; clipboard-write; encrypted-media; gyroscope; picture-in-picture; web-share\" referrerpolicy=\"strict-origin-when-cross-origin\" allowfullscreen><\/iframe>\n<\/div><\/figure>\n\n\n\n<p class=\"has-text-align-center\"><strong>\u00cen cinci ani, 48 de tineri bibliotecari au fost instrui\u021bi \u00een cadrul Proiectului \u201eIni\u021biere \u00een profesie\u201d<\/strong> <\/p>\n\n\n\n<p class=\"has-text-align-center\">14-16 februarie 2023<\/p>\n\n\n\n<figure class=\"wp-block-embed is-type-video is-provider-youtube wp-block-embed-youtube wp-embed-aspect-16-9 wp-has-aspect-ratio\"><div class=\"wp-block-embed__wrapper\">\n<iframe loading=\"lazy\" title=\"Tinerii speciali\u0219ti - viitori bibliotecari\" width=\"840\" height=\"473\" src=\"https:\/\/www.youtube.com\/embed\/NDMopuf3Gy4?feature=oembed\" frameborder=\"0\" allow=\"accelerometer; autoplay; clipboard-write; encrypted-media; gyroscope; picture-in-picture; web-share\" referrerpolicy=\"strict-origin-when-cross-origin\" allowfullscreen><\/iframe>\n<\/div><\/figure>\n\n\n\n<p class=\"has-text-align-center\"><strong>Grigore Vieru &#8211; poetul nemuririi.<\/strong> <\/p>\n\n\n\n<p class=\"has-text-align-center\">14 februarie 2023, Biblioteca \u201eBasarabia\u201d<\/p>\n\n\n\n<figure class=\"wp-block-embed is-type-video is-provider-youtube wp-block-embed-youtube wp-embed-aspect-16-9 wp-has-aspect-ratio\"><div class=\"wp-block-embed__wrapper\">\n<iframe loading=\"lazy\" title=\"O sear\u0103 literar - muzical\u0103 \u00een memoria lui Grigore Vieru\" width=\"840\" height=\"473\" src=\"https:\/\/www.youtube.com\/embed\/aMb68MFB_bc?feature=oembed\" frameborder=\"0\" allow=\"accelerometer; autoplay; clipboard-write; encrypted-media; gyroscope; picture-in-picture; web-share\" referrerpolicy=\"strict-origin-when-cross-origin\" allowfullscreen><\/iframe>\n<\/div><\/figure>\n\n\n\n<p class=\"has-text-align-center\">Ziua Na\u021bional\u0103 a Lecturii &#8211; \u201ePrin lectur\u0103 spre formarea personalit\u0103\u021bii universale\u201d, 13 februarie 2023<\/p>\n\n\n\n<figure class=\"wp-block-embed is-type-video is-provider-youtube wp-block-embed-youtube wp-embed-aspect-16-9 wp-has-aspect-ratio\"><div class=\"wp-block-embed__wrapper\">\n<iframe loading=\"lazy\" title=\"Observatorul de Nord \/ www.OBSERVATORUL.md\" width=\"840\" height=\"473\" src=\"https:\/\/www.youtube.com\/embed\/ZGqNscYi1AI?feature=oembed\" frameborder=\"0\" allow=\"accelerometer; autoplay; clipboard-write; encrypted-media; gyroscope; picture-in-picture; web-share\" referrerpolicy=\"strict-origin-when-cross-origin\" allowfullscreen><\/iframe>\n<\/div><\/figure>\n\n\n\n<figure class=\"wp-block-embed is-type-video is-provider-youtube wp-block-embed-youtube wp-embed-aspect-16-9 wp-has-aspect-ratio\"><div class=\"wp-block-embed__wrapper\">\n<iframe loading=\"lazy\" title=\"LA SOROCA A FOST DESF\u0102\u0218URAT\u0102 \u00ceN PREMIER\u0102,\u201dZIUA NA\u021aIONAL\u0102 A LECTURII\u201d\" width=\"840\" height=\"473\" src=\"https:\/\/www.youtube.com\/embed\/jiAFXHlwBZ4?feature=oembed\" frameborder=\"0\" allow=\"accelerometer; autoplay; clipboard-write; encrypted-media; gyroscope; picture-in-picture; web-share\" referrerpolicy=\"strict-origin-when-cross-origin\" allowfullscreen><\/iframe>\n<\/div><\/figure>\n\n\n\n<p class=\"has-text-align-center\"><strong>Evenimente \u00eengrozitoare au avut loc pe timpul celui de-al Doilea R\u0103zboi Mondial<\/strong><\/p>\n\n\n\n<p class=\"has-text-align-center\">27 ianuarie 2023<\/p>\n\n\n\n<figure class=\"wp-block-embed is-type-video is-provider-youtube wp-block-embed-youtube wp-embed-aspect-16-9 wp-has-aspect-ratio\"><div class=\"wp-block-embed__wrapper\">\n<iframe loading=\"lazy\" title=\"Larisa Prisacari: \u201eEvenimente \u00eengrozitoare au avut loc pe timpul celui de-al Doilea R\u0103zboi Mondial\u201d\" width=\"840\" height=\"473\" src=\"https:\/\/www.youtube.com\/embed\/628y0sOXL60?feature=oembed\" frameborder=\"0\" allow=\"accelerometer; autoplay; clipboard-write; encrypted-media; gyroscope; picture-in-picture; web-share\" referrerpolicy=\"strict-origin-when-cross-origin\" allowfullscreen><\/iframe>\n<\/div><\/figure>\n","protected":false},"excerpt":{"rendered":"<p>Views: 427 Biblioteca \u201eBasarabia\u201d &#8211; 30 ani Ajutor la contor 2023 Nocturna bibliotecilor municipale \u201eM. Sadoveanu\u201d &amp; \u201eBasarabia\u201d \u0218edin\u021ba clubului \u201eV\u00e2rsta de aur\u201d din 28 septembrie 2023 dedicat\u0103 Zilei persoanelor \u00een etate \u0218edin\u021ba clubului \u201eV\u00e2rsta de aur\u201d din 28 iulie 2023 dedicat\u0103 \u0219ez\u0103torii R\u0103spunsul de Urgen\u021b\u0103 la Criza din Ucraina la Filiala pentru copii \u201eSteliana &hellip; <a href=\"https:\/\/bp-soroca.md\/index.php\/2023\/02\/15\/2023\/\" class=\"more-link\">Continu\u0103 lectura<span class=\"screen-reader-text\"> \u201e2023\u201d<\/span><\/a><\/p>\n","protected":false},"author":1,"featured_media":0,"comment_status":"open","ping_status":"open","sticky":false,"template":"","format":"standard","meta":{"_jetpack_memberships_contains_paid_content":false,"footnotes":"","jetpack_publicize_message":"","jetpack_publicize_feature_enabled":true,"jetpack_social_post_already_shared":false,"jetpack_social_options":{"image_generator_settings":{"template":"highway","default_image_id":0,"font":"","enabled":false},"version":2}},"categories":[36],"tags":[],"class_list":["post-2788","post","type-post","status-publish","format-standard","hentry","category-biblioteca"],"jetpack_publicize_connections":[],"jetpack_featured_media_url":"","views":"","jetpack-related-posts":[],"jetpack_shortlink":"https:\/\/wp.me\/seU1WV-2023","jetpack_sharing_enabled":true,"_links":{"self":[{"href":"https:\/\/bp-soroca.md\/index.php\/wp-json\/wp\/v2\/posts\/2788","targetHints":{"allow":["GET"]}}],"collection":[{"href":"https:\/\/bp-soroca.md\/index.php\/wp-json\/wp\/v2\/posts"}],"about":[{"href":"https:\/\/bp-soroca.md\/index.php\/wp-json\/wp\/v2\/types\/post"}],"author":[{"embeddable":true,"href":"https:\/\/bp-soroca.md\/index.php\/wp-json\/wp\/v2\/users\/1"}],"replies":[{"embeddable":true,"href":"https:\/\/bp-soroca.md\/index.php\/wp-json\/wp\/v2\/comments?post=2788"}],"version-history":[{"count":24,"href":"https:\/\/bp-soroca.md\/index.php\/wp-json\/wp\/v2\/posts\/2788\/revisions"}],"predecessor-version":[{"id":5807,"href":"https:\/\/bp-soroca.md\/index.php\/wp-json\/wp\/v2\/posts\/2788\/revisions\/5807"}],"wp:attachment":[{"href":"https:\/\/bp-soroca.md\/index.php\/wp-json\/wp\/v2\/media?parent=2788"}],"wp:term":[{"taxonomy":"category","embeddable":true,"href":"https:\/\/bp-soroca.md\/index.php\/wp-json\/wp\/v2\/categories?post=2788"},{"taxonomy":"post_tag","embeddable":true,"href":"https:\/\/bp-soroca.md\/index.php\/wp-json\/wp\/v2\/tags?post=2788"}],"curies":[{"name":"wp","href":"https:\/\/api.w.org\/{rel}","templated":true}]}}